{"id":599,"date":"2022-01-16T14:37:09","date_gmt":"2022-01-16T13:37:09","guid":{"rendered":"https:\/\/www.spd-oberkraemer.de\/?p=599"},"modified":"2022-01-16T14:37:09","modified_gmt":"2022-01-16T13:37:09","slug":"eine-woche-bis-zur-wahl","status":"publish","type":"post","link":"https:\/\/www.spd-oberkraemer.de\/?p=599","title":{"rendered":"Eine Woche bis zur Wahl!"},"content":{"rendered":"<p>&nbsp;<\/p>\n<p style=\"text-align: justify;\"><span style=\"color: #000000;\">In einer Woche ist es soweit: <strong>Am 23. Januar 2022<\/strong> entscheiden die B\u00fcrger wer neuer B\u00fcrgermeister von Oberkr\u00e4mer werden soll.<\/span><\/p>\n<p style=\"text-align: justify;\"><span style=\"color: #000000;\">Unser Kandidat <strong>Dino Preiskowski<\/strong> wird in der letzten Woche verst\u00e4rkt durch die einzelnen Ortsteile gehen um mit den B\u00fcrgern vor Ort zu sprechen. Was bewegt sie vor Ort oder auch welche Kritik gibt es. Jeder B\u00fcrger von Oberkr\u00e4mer muss sich mitgenommen f\u00fchlen.<\/span><\/p>\n<p style=\"text-align: justify;\"><span style=\"color: #000000;\"><strong>Dino Preiskowski<\/strong> ist bereits in den letzten Wochen mit Vereinen und Unternehmen im Gespr\u00e4ch gewesen, um sich pers\u00f6nlich ein Bild zu machen. Es ist wichtig f\u00fcr einen B\u00fcrgermeister das er wei\u00df, welche Belange es vor Ort gibt um gegebenfalls unterst\u00fctzend t\u00e4tig werden zu k\u00f6nnen.<\/span><\/p>\n<p style=\"text-align: justify;\"><span style=\"color: #000000;\">Eines seiner Themen ist das <strong>\u201eLebenslange Wohnen\u201c<\/strong> in Oberkr\u00e4mer. Wir m\u00fcssen es schaffen das die Jugend, Senioren aber auch Alleinerziehende in Oberkr\u00e4mer bleiben k\u00f6nnen und nicht nach Berlin oder Umgebung abwandern m\u00fcssen weil Sie hier nichts bezahlbares finden. &nbsp;&nbsp;&nbsp;&nbsp;<\/span><\/p>\n<p style=\"text-align: justify;\"><span style=\"color: #000000;\">Aber auch <strong>\u00d6ffentlichkeitsarbeit und Transparenz<\/strong> ist ihm wichtig. Die \u00d6ffentlichkeitsarbeit in Oberkr\u00e4mer ist ausbauf\u00e4hig, die Internetseite muss nutzerfreundlicher gestaltet werden und Informationen f\u00fcr Interessierte leichter und schneller zu finden sein.&nbsp;\u00dcber relevante Themen, die direkte Auswirkungen auf Einwohner von Oberkr\u00e4mer haben, muss auf der Startseite ausf\u00fchrlich informiert werden.&nbsp;Zudem sind Vorhaben, wie z.B. Bauma\u00dfnahmen, auch in geeigneter Weise mit den B\u00fcrgern zu besprechen.<\/span><\/p>\n<p style=\"text-align: justify;\"><span style=\"color: #000000;\">W<\/span><span style=\"color: #000000;\">eitere Themen finden Sie im Flyer:&nbsp;<\/span><\/p>\n<p><a href=\"https:\/\/www.spd-oberkraemer.de\/wp-content\/uploads\/2021\/12\/2021-12-22-Flyer-Dino.pdf\" target=\"_blank\" rel=\"noopener\">Themen Dino Preiskowski<\/a><\/p>\n<h2 style=\"text-align: justify;\"><span style=\"font-size: 14pt;\"><span style=\"color: #ff0000;\"><strong>Wenn Sie eine Ver\u00e4nderung<\/strong> <strong>in Oberkr\u00e4mer wollen, dann geben Sie am 23. Januar 2022 Ihre Stimme unserem Kandidaten Dino Preiskowski.<\/strong><\/span><\/span><\/h2>\n","protected":false},"excerpt":{"rendered":"<p>&nbsp; In einer Woche ist es soweit: Am 23. Januar 2022 entscheiden die B\u00fcrger wer neuer B\u00fcrgermeister von Oberkr\u00e4mer werden soll. Unser Kandidat Dino Preiskowski wird in der letzten Woche verst\u00e4rkt durch die einzelnen Ortsteile gehen um mit den B\u00fcrgern vor Ort zu sprechen. Was bewegt sie vor Ort oder auch welche Kritik gibt es.<\/p>\n<div><a class=\"btn-filled btn\" href=\"https:\/\/www.spd-oberkraemer.de\/?p=599\" title=\"Eine Woche bis zur Wahl!\">Weiterlesen<\/a><\/div>\n","protected":false},"author":1,"featured_media":464,"comment_status":"closed","ping_status":"open","sticky":false,"template":"page-templates\/full-width.php","format":"standard","meta":{"ngg_post_thumbnail":0},"categories":[1],"tags":[21,19,4],"_links":{"self":[{"href":"https:\/\/www.spd-oberkraemer.de\/index.php?rest_route=\/wp\/v2\/posts\/599"}],"collection":[{"href":"https:\/\/www.spd-oberkraemer.de\/index.php?rest_route=\/wp\/v2\/posts"}],"about":[{"href":"https:\/\/www.spd-oberkraemer.de\/index.php?rest_route=\/wp\/v2\/types\/post"}],"author":[{"embeddable":true,"href":"https:\/\/www.spd-oberkraemer.de\/index.php?rest_route=\/wp\/v2\/users\/1"}],"replies":[{"embeddable":true,"href":"https:\/\/www.spd-oberkraemer.de\/index.php?rest_route=%2Fwp%2Fv2%2Fcomments&post=599"}],"version-history":[{"count":5,"href":"https:\/\/www.spd-oberkraemer.de\/index.php?rest_route=\/wp\/v2\/posts\/599\/revisions"}],"predecessor-version":[{"id":604,"href":"https:\/\/www.spd-oberkraemer.de\/index.php?rest_route=\/wp\/v2\/posts\/599\/revisions\/604"}],"wp:featuredmedia":[{"embeddable":true,"href":"https:\/\/www.spd-oberkraemer.de\/index.php?rest_route=\/wp\/v2\/media\/464"}],"wp:attachment":[{"href":"https:\/\/www.spd-oberkraemer.de\/index.php?rest_route=%2Fwp%2Fv2%2Fmedia&parent=599"}],"wp:term":[{"taxonomy":"category","embeddable":true,"href":"https:\/\/www.spd-oberkraemer.de\/index.php?rest_route=%2Fwp%2Fv2%2Fcategories&post=599"},{"taxonomy":"post_tag","embeddable":true,"href":"https:\/\/www.spd-oberkraemer.de\/index.php?rest_route=%2Fwp%2Fv2%2Ftags&post=599"}],"curies":[{"name":"wp","href":"https:\/\/api.w.org\/{rel}","templated":true}]}}