{"id":287,"date":"2021-01-21T17:45:02","date_gmt":"2021-01-21T16:45:02","guid":{"rendered":"https:\/\/www.spd-oberkraemer.de\/?p=287"},"modified":"2021-01-21T17:45:02","modified_gmt":"2021-01-21T16:45:02","slug":"kitabeitraege-werden-uebernommen","status":"publish","type":"post","link":"https:\/\/www.spd-oberkraemer.de\/?p=287","title":{"rendered":"Kitabeitr\u00e4ge werden \u00fcbernommen."},"content":{"rendered":"<p>&nbsp;<\/p>\n<p><strong>Ministerium f\u00fcr Bildung, Jugend und Sport &#8211; MBJS startet Entwurf zur finanziellen Erstattung von Kita-Beitr\u00e4gen<\/strong><\/p>\n<p>Die SPD Schwante\/Oberkr\u00e4mer begr\u00fc\u00dft den Entwurf f\u00fcr finanziellen Erstattung von Kita Betr\u00e4gen ausdr\u00fccklich und steht hinter den Eltern, die gerade zu dieser Zeit in mehrfacher Hinsicht gefordert sind.<\/p>\n<p><em>&nbsp;<\/em><em>Eltern, die ihre Kinder w\u00e4hrend des&nbsp;Lockdowns&nbsp;ganz oder teilweise (mindestens 50 Prozent) selbst betreuen, sollen keine oder nur die h\u00e4lftigen Kitabeitr\u00e4ge zahlen m\u00fcssen. <\/em><\/p>\n<p>Das MBJS hat mit Pressemitteilung vom 20.01.2021 bekannt gegeben, dass die \u201e2. Richtlinie Kita-Elternbeitrag Corona 2021\u201c entworfen und auf den Weg gebracht wurde. Hiernach soll das Land die Kosten der Kitabeitr\u00e4ge \u00fcbernehmen, wenn Eltern keinen Anspruch auf Notbetreuung haben oder dem Appell der Landesregierung folgen und ihre Kinder selbst betreuen.<\/p>\n<p>Dem Tr\u00e4ger entgangene Elternbeitr\u00e4ge sollen somit vom Land \u00fcbernommen und die Eltern dahingehend finanziell entlastet werden.<\/p>\n<p>Hierunter f\u00e4llt auch, wenn \u201cEltern freiwillig ihre Kinder aufgrund des Appells der Landesregierung gar nicht oder nur bis h\u00f6chstens 50 Prozent ihrer bisherigen vertraglichen Betreuungsleistung in die Kindertagesbetreuung gebracht haben.\u201c<\/p>\n<p>Diese Regelung soll r\u00fcckwirkend ab Januar 2021 gelten. Der Tr\u00e4ger wird hierzu aufgefordert, die konkreten Absprachen mit den betroffenen Eltern schriftlich vorzuhalten.<\/p>\n<p>Ihre SPD Schwante\/Oberkr\u00e4mer<\/p>\n<p>&nbsp;<\/p>\n<p><a href=\"https:\/\/www.spd-oberkraemer.de\/wp-content\/uploads\/2021\/01\/8-21_Land-unterstuetzt-Kita-Eltern_Uebernahme-der-Beitraege.pdf\" target=\"_blank\" rel=\"noopener\">PM des MBJS Land unterst\u00fctzt Kita-Eltern \u00dcbernahme der Beitr\u00e4ge<\/a><\/p>\n","protected":false},"excerpt":{"rendered":"<p>&nbsp; Ministerium f\u00fcr Bildung, Jugend und Sport &#8211; MBJS startet Entwurf zur finanziellen Erstattung von Kita-Beitr\u00e4gen Die SPD Schwante\/Oberkr\u00e4mer begr\u00fc\u00dft den Entwurf f\u00fcr finanziellen Erstattung von Kita Betr\u00e4gen ausdr\u00fccklich und steht hinter den Eltern, die gerade zu dieser Zeit in mehrfacher Hinsicht gefordert sind. &nbsp;Eltern, die ihre Kinder w\u00e4hrend des&nbsp;Lockdowns&nbsp;ganz oder teilweise (mindestens 50 Prozent)<\/p>\n<div><a class=\"btn-filled btn\" href=\"https:\/\/www.spd-oberkraemer.de\/?p=287\" title=\"Kitabeitr\u00e4ge werden \u00fcbernommen.\">Weiterlesen<\/a><\/div>\n","protected":false},"author":1,"featured_media":288,"comment_status":"closed","ping_status":"open","sticky":false,"template":"page-templates\/full-width.php","format":"standard","meta":{"ngg_post_thumbnail":0},"categories":[1],"tags":[12,11],"_links":{"self":[{"href":"https:\/\/www.spd-oberkraemer.de\/index.php?rest_route=\/wp\/v2\/posts\/287"}],"collection":[{"href":"https:\/\/www.spd-oberkraemer.de\/index.php?rest_route=\/wp\/v2\/posts"}],"about":[{"href":"https:\/\/www.spd-oberkraemer.de\/index.php?rest_route=\/wp\/v2\/types\/post"}],"author":[{"embeddable":true,"href":"https:\/\/www.spd-oberkraemer.de\/index.php?rest_route=\/wp\/v2\/users\/1"}],"replies":[{"embeddable":true,"href":"https:\/\/www.spd-oberkraemer.de\/index.php?rest_route=%2Fwp%2Fv2%2Fcomments&post=287"}],"version-history":[{"count":3,"href":"https:\/\/www.spd-oberkraemer.de\/index.php?rest_route=\/wp\/v2\/posts\/287\/revisions"}],"predecessor-version":[{"id":292,"href":"https:\/\/www.spd-oberkraemer.de\/index.php?rest_route=\/wp\/v2\/posts\/287\/revisions\/292"}],"wp:featuredmedia":[{"embeddable":true,"href":"https:\/\/www.spd-oberkraemer.de\/index.php?rest_route=\/wp\/v2\/media\/288"}],"wp:attachment":[{"href":"https:\/\/www.spd-oberkraemer.de\/index.php?rest_route=%2Fwp%2Fv2%2Fmedia&parent=287"}],"wp:term":[{"taxonomy":"category","embeddable":true,"href":"https:\/\/www.spd-oberkraemer.de\/index.php?rest_route=%2Fwp%2Fv2%2Fcategories&post=287"},{"taxonomy":"post_tag","embeddable":true,"href":"https:\/\/www.spd-oberkraemer.de\/index.php?rest_route=%2Fwp%2Fv2%2Ftags&post=287"}],"curies":[{"name":"wp","href":"https:\/\/api.w.org\/{rel}","templated":true}]}}